{"id":7227,"date":"2020-11-24T11:49:27","date_gmt":"2020-11-24T10:49:27","guid":{"rendered":"https:\/\/trans-cultures.fr\/?p=7227"},"modified":"2020-11-25T21:29:07","modified_gmt":"2020-11-25T20:29:07","slug":"les-violences-faites-aux-femmes","status":"publish","type":"post","link":"https:\/\/trans-cultures.fr\/?p=7227&lang=fr","title":{"rendered":"Les violences faites aux femmes"},"content":{"rendered":"\n<p>25 novembre : Journ\u00e9e Internationale contre, les violences faites aux femmes.<\/p>\n\n\n\n<p>La d\u00e9cision prise par l&rsquo;Organisation des Nations-Unies, le 25 novembre 2019, de cr\u00e9er, en sus de la Journ\u00e9e Internationale de la Femme, une Journ\u00e9e de lutte contre les violences faites aux femmes, a \u00e9t\u00e9 une d\u00e9cision particuli\u00e8rement heureuse et bien fond\u00e9e, un soutien majeur apport\u00e9 aux femmes du monde entier.<\/p>\n\n\n\n<p>Le th\u00e8me de la campagne qui l&rsquo;a suivie a \u00e9t\u00e9 :&nbsp;<\/p>\n\n\n\n<p>Orangeons le monde.<\/p>\n\n\n\n<p>La G\u00e9n\u00e9ration \u00c9galit\u00e9 contre le viol.<\/p>\n\n\n\n<p>L&rsquo;instauration d&rsquo;une telle Journ\u00e9e prouve, s&rsquo;il le fallait, qu&rsquo;en d\u00e9pit de la c\u00e9l\u00e9bration, chaque ann\u00e9e, de la Journ\u00e9e Internationale de la Femme, la condition de celle-ci n&rsquo;en a gu\u00e8re \u00e9t\u00e9 modifi\u00e9e pour autant.<\/p>\n\n\n\n<p>Partout dans le monde, y compris au Kurdistan d&rsquo;Irak, les femmes subissent toutes formes de violences. Chaque jour, des dizaines d&rsquo;entre elles sont agress\u00e9es parce qu&rsquo;elles ont fait le choix d&rsquo;\u00eatre libres.<\/p>\n\n\n\n<p>Et ces crimes n&rsquo;ont souvent rien \u00e0 voir avec l&rsquo;honneur, argument dominant dans les soci\u00e9t\u00e9s qui usent de la coutume et de la religion pour s&rsquo;en prendre aux femmes et les violenter.<\/p>\n\n\n\n<p>La situation des femmes n&rsquo;y est, \u00e0 mes yeux, gu\u00e8re diff\u00e9rente de celle de malfaiteurs av\u00e9r\u00e9s que l&rsquo;on voudrait poursuivre, traquer et combattre \u00e0 tout prix.<\/p>\n\n\n\n<p>Affirmer que, dans les pays occidentaux, les femmes ont acquis leur libert\u00e9 est inexact. Certes, elles y sont libres d&rsquo;\u00e9tudier, de travailler et de choisir leur mari mais il n&rsquo;en reste pas moins qu&rsquo;elles continuent de vivre, sous l&rsquo;autorit\u00e9 des hommes, dans le cadre d&rsquo;un syst\u00e8me patriarcal ou semi- patriarcal qui, s&rsquo;il proclame la libert\u00e9 des femmes, cache mal les violences auxquelles celles-ci sont quotidiennement confront\u00e9es.<\/p>\n\n\n\n<p>Il n&rsquo;est pas une femme qui n&rsquo;ait \u00e9t\u00e9, au moins une fois dans sa vie, victime de violences ou soumise \u00e0 la violence.<\/p>\n\n\n\n<p>Une Journ\u00e9e Internationale contre les violences faites aux femmes est donc parfaitement justifi\u00e9e. Toutefois, une telle Journ\u00e9e ne sera jamais d&rsquo;aucun effet si elle n&rsquo;est pas accompagn\u00e9e de la mise en \u0153uvre de politiques audacieuses ayant pour seul objet de lutter contre les violences faites aux femmes et d&rsquo;assurer l&rsquo;\u00e9galit\u00e9 entre hommes et femmes.<\/p>\n\n\n\n<p>Mais si, \u00e0 aucun moment, nous ne devons cesser de parler d&rsquo;\u00e9galit\u00e9, nous devons aussi lutter contre toute vell\u00e9it\u00e9 d&rsquo;un retour en arri\u00e8re et pour l&rsquo;av\u00e8nement d&rsquo;une soci\u00e9t\u00e9 qui, en garantissant des droits \u00e9gaux pour tous, pr\u00e9serverait la s\u00e9curit\u00e9 et la dignit\u00e9 de chaque femme.<\/p>\n\n\n\n<p>Le 25 novembre, nous affirmerons haut et fort que toute personne, homme ou femme, est, avant tout, un \u00eatre humain.<\/p>\n\n\n\n<p>Et nous proclamerons :<\/p>\n\n\n\n<blockquote class=\"wp-block-quote is-layout-flow wp-block-quote-is-layout-flow\"><p>Non \u00e0 la mort.<\/p><p>Oui \u00e0 la vie.<\/p><\/blockquote>\n\n\n\n<p><\/p>\n\n\n\n<p><strong>Bayan Salman<\/strong><\/p>\n","protected":false},"excerpt":{"rendered":"<p>25 novembre : Journ\u00e9e Internationale contre, les violences faites aux femmes. La d\u00e9cision prise par l&rsquo;Organisation des Nations-Unies, le 25 novembre 2019, de cr\u00e9er, en sus de la Journ\u00e9e Internationale de la Femme, une Journ\u00e9e de lutte contre les violences faites aux femmes, a \u00e9t\u00e9 une d\u00e9cision particuli\u00e8rement heureuse et bien fond\u00e9e, un soutien majeur &hellip;<\/p>\n","protected":false},"author":1,"featured_media":7228,"comment_status":"open","ping_status":"open","sticky":false,"template":"","format":"standard","meta":{"footnotes":""},"categories":[397,403,399],"tags":[],"class_list":["post-7227","post","type-post","status-publish","format-standard","has-post-thumbnail","","category-facebook","category-libres-opinions","category-twitter"],"yoast_head":"<!-- This site is optimized with the Yoast SEO plugin v25.2 - https:\/\/yoast.com\/wordpress\/plugins\/seo\/ -->\n<title>Les violences faites aux femmes - transcultures<\/title>\n<meta name=\"robots\" content=\"index, follow, max-snippet:-1, max-image-preview:large, max-video-preview:-1\" \/>\n<link rel=\"canonical\" href=\"https:\/\/trans-cultures.fr\/?p=7227&lang=fr\" \/>\n<meta property=\"og:locale\" content=\"fr_FR\" \/>\n<meta property=\"og:type\" content=\"article\" \/>\n<meta property=\"og:title\" content=\"Les violences faites aux femmes - transcultures\" \/>\n<meta property=\"og:description\" content=\"25 novembre : Journ\u00e9e Internationale contre, les violences faites aux femmes. La d\u00e9cision prise par l&rsquo;Organisation des Nations-Unies, le 25 novembre 2019, de cr\u00e9er, en sus de la Journ\u00e9e Internationale de la Femme, une Journ\u00e9e de lutte contre les violences faites aux femmes, a \u00e9t\u00e9 une d\u00e9cision particuli\u00e8rement heureuse et bien fond\u00e9e, un soutien majeur &hellip;\" \/>\n<meta property=\"og:url\" content=\"https:\/\/trans-cultures.fr\/?p=7227&amp;lang=fr\" \/>\n<meta property=\"og:site_name\" content=\"transcultures\" \/>\n<meta property=\"article:published_time\" content=\"2020-11-24T10:49:27+00:00\" \/>\n<meta property=\"article:modified_time\" content=\"2020-11-25T20:29:07+00:00\" \/>\n<meta property=\"og:image\" content=\"https:\/\/trans-cultures.fr\/wp-content\/uploads\/2020\/11\/Tumisu.jpg\" \/>\n\t<meta property=\"og:image:width\" content=\"640\" \/>\n\t<meta property=\"og:image:height\" content=\"445\" \/>\n\t<meta property=\"og:image:type\" content=\"image\/jpeg\" \/>\n<meta name=\"author\" content=\"transcultures\" \/>\n<meta name=\"twitter:card\" content=\"summary_large_image\" \/>\n<meta name=\"twitter:label1\" content=\"\u00c9crit par\" \/>\n\t<meta name=\"twitter:data1\" content=\"transcultures\" \/>\n\t<meta name=\"twitter:label2\" content=\"Dur\u00e9e de lecture estim\u00e9e\" \/>\n\t<meta name=\"twitter:data2\" content=\"2 minutes\" \/>\n<script type=\"application\/ld+json\" class=\"yoast-schema-graph\">{\"@context\":\"https:\/\/schema.org\",\"@graph\":[{\"@type\":\"WebPage\",\"@id\":\"https:\/\/trans-cultures.fr\/?p=7227&lang=fr\",\"url\":\"https:\/\/trans-cultures.fr\/?p=7227&lang=fr\",\"name\":\"Les violences faites aux femmes - transcultures\",\"isPartOf\":{\"@id\":\"https:\/\/trans-cultures.fr\/#website\"},\"primaryImageOfPage\":{\"@id\":\"https:\/\/trans-cultures.fr\/?p=7227&lang=fr#primaryimage\"},\"image\":{\"@id\":\"https:\/\/trans-cultures.fr\/?p=7227&lang=fr#primaryimage\"},\"thumbnailUrl\":\"https:\/\/trans-cultures.fr\/wp-content\/uploads\/2020\/11\/Tumisu.jpg\",\"datePublished\":\"2020-11-24T10:49:27+00:00\",\"dateModified\":\"2020-11-25T20:29:07+00:00\",\"author\":{\"@id\":\"https:\/\/trans-cultures.fr\/#\/schema\/person\/feef84fb5b9564f271702382fb0f2ca8\"},\"breadcrumb\":{\"@id\":\"https:\/\/trans-cultures.fr\/?p=7227&lang=fr#breadcrumb\"},\"inLanguage\":\"fr-FR\",\"potentialAction\":[{\"@type\":\"ReadAction\",\"target\":[\"https:\/\/trans-cultures.fr\/?p=7227&lang=fr\"]}]},{\"@type\":\"ImageObject\",\"inLanguage\":\"fr-FR\",\"@id\":\"https:\/\/trans-cultures.fr\/?p=7227&lang=fr#primaryimage\",\"url\":\"https:\/\/trans-cultures.fr\/wp-content\/uploads\/2020\/11\/Tumisu.jpg\",\"contentUrl\":\"https:\/\/trans-cultures.fr\/wp-content\/uploads\/2020\/11\/Tumisu.jpg\",\"width\":640,\"height\":445,\"caption\":\"Image: Tumisu\"},{\"@type\":\"BreadcrumbList\",\"@id\":\"https:\/\/trans-cultures.fr\/?p=7227&lang=fr#breadcrumb\",\"itemListElement\":[{\"@type\":\"ListItem\",\"position\":1,\"name\":\"Home\",\"item\":\"https:\/\/trans-cultures.fr\/\"},{\"@type\":\"ListItem\",\"position\":2,\"name\":\"Les violences faites aux femmes\"}]},{\"@type\":\"WebSite\",\"@id\":\"https:\/\/trans-cultures.fr\/#website\",\"url\":\"https:\/\/trans-cultures.fr\/\",\"name\":\"transcultures\",\"description\":\"\u062a\u0631\u0627\u0646\u0633\u0643\u0648\u0644\u062a\u0648\u0648\u0631\",\"potentialAction\":[{\"@type\":\"SearchAction\",\"target\":{\"@type\":\"EntryPoint\",\"urlTemplate\":\"https:\/\/trans-cultures.fr\/?s={search_term_string}\"},\"query-input\":{\"@type\":\"PropertyValueSpecification\",\"valueRequired\":true,\"valueName\":\"search_term_string\"}}],\"inLanguage\":\"fr-FR\"},{\"@type\":\"Person\",\"@id\":\"https:\/\/trans-cultures.fr\/#\/schema\/person\/feef84fb5b9564f271702382fb0f2ca8\",\"name\":\"transcultures\",\"image\":{\"@type\":\"ImageObject\",\"inLanguage\":\"fr-FR\",\"@id\":\"https:\/\/trans-cultures.fr\/#\/schema\/person\/image\/\",\"url\":\"https:\/\/secure.gravatar.com\/avatar\/923588a21ced561f76a2d8ad6aea6995530e18551be5f0e16891420cac040eb9?s=96&d=mm&r=g\",\"contentUrl\":\"https:\/\/secure.gravatar.com\/avatar\/923588a21ced561f76a2d8ad6aea6995530e18551be5f0e16891420cac040eb9?s=96&d=mm&r=g\",\"caption\":\"transcultures\"},\"url\":\"https:\/\/trans-cultures.fr\/?author=1\"}]}<\/script>\n<!-- \/ Yoast SEO plugin. -->","yoast_head_json":{"title":"Les violences faites aux femmes - transcultures","robots":{"index":"index","follow":"follow","max-snippet":"max-snippet:-1","max-image-preview":"max-image-preview:large","max-video-preview":"max-video-preview:-1"},"canonical":"https:\/\/trans-cultures.fr\/?p=7227&lang=fr","og_locale":"fr_FR","og_type":"article","og_title":"Les violences faites aux femmes - transcultures","og_description":"25 novembre : Journ\u00e9e Internationale contre, les violences faites aux femmes. La d\u00e9cision prise par l&rsquo;Organisation des Nations-Unies, le 25 novembre 2019, de cr\u00e9er, en sus de la Journ\u00e9e Internationale de la Femme, une Journ\u00e9e de lutte contre les violences faites aux femmes, a \u00e9t\u00e9 une d\u00e9cision particuli\u00e8rement heureuse et bien fond\u00e9e, un soutien majeur &hellip;","og_url":"https:\/\/trans-cultures.fr\/?p=7227&lang=fr","og_site_name":"transcultures","article_published_time":"2020-11-24T10:49:27+00:00","article_modified_time":"2020-11-25T20:29:07+00:00","og_image":[{"width":640,"height":445,"url":"https:\/\/trans-cultures.fr\/wp-content\/uploads\/2020\/11\/Tumisu.jpg","type":"image\/jpeg"}],"author":"transcultures","twitter_card":"summary_large_image","twitter_misc":{"\u00c9crit par":"transcultures","Dur\u00e9e de lecture estim\u00e9e":"2 minutes"},"schema":{"@context":"https:\/\/schema.org","@graph":[{"@type":"WebPage","@id":"https:\/\/trans-cultures.fr\/?p=7227&lang=fr","url":"https:\/\/trans-cultures.fr\/?p=7227&lang=fr","name":"Les violences faites aux femmes - transcultures","isPartOf":{"@id":"https:\/\/trans-cultures.fr\/#website"},"primaryImageOfPage":{"@id":"https:\/\/trans-cultures.fr\/?p=7227&lang=fr#primaryimage"},"image":{"@id":"https:\/\/trans-cultures.fr\/?p=7227&lang=fr#primaryimage"},"thumbnailUrl":"https:\/\/trans-cultures.fr\/wp-content\/uploads\/2020\/11\/Tumisu.jpg","datePublished":"2020-11-24T10:49:27+00:00","dateModified":"2020-11-25T20:29:07+00:00","author":{"@id":"https:\/\/trans-cultures.fr\/#\/schema\/person\/feef84fb5b9564f271702382fb0f2ca8"},"breadcrumb":{"@id":"https:\/\/trans-cultures.fr\/?p=7227&lang=fr#breadcrumb"},"inLanguage":"fr-FR","potentialAction":[{"@type":"ReadAction","target":["https:\/\/trans-cultures.fr\/?p=7227&lang=fr"]}]},{"@type":"ImageObject","inLanguage":"fr-FR","@id":"https:\/\/trans-cultures.fr\/?p=7227&lang=fr#primaryimage","url":"https:\/\/trans-cultures.fr\/wp-content\/uploads\/2020\/11\/Tumisu.jpg","contentUrl":"https:\/\/trans-cultures.fr\/wp-content\/uploads\/2020\/11\/Tumisu.jpg","width":640,"height":445,"caption":"Image: Tumisu"},{"@type":"BreadcrumbList","@id":"https:\/\/trans-cultures.fr\/?p=7227&lang=fr#breadcrumb","itemListElement":[{"@type":"ListItem","position":1,"name":"Home","item":"https:\/\/trans-cultures.fr\/"},{"@type":"ListItem","position":2,"name":"Les violences faites aux femmes"}]},{"@type":"WebSite","@id":"https:\/\/trans-cultures.fr\/#website","url":"https:\/\/trans-cultures.fr\/","name":"transcultures","description":"\u062a\u0631\u0627\u0646\u0633\u0643\u0648\u0644\u062a\u0648\u0648\u0631","potentialAction":[{"@type":"SearchAction","target":{"@type":"EntryPoint","urlTemplate":"https:\/\/trans-cultures.fr\/?s={search_term_string}"},"query-input":{"@type":"PropertyValueSpecification","valueRequired":true,"valueName":"search_term_string"}}],"inLanguage":"fr-FR"},{"@type":"Person","@id":"https:\/\/trans-cultures.fr\/#\/schema\/person\/feef84fb5b9564f271702382fb0f2ca8","name":"transcultures","image":{"@type":"ImageObject","inLanguage":"fr-FR","@id":"https:\/\/trans-cultures.fr\/#\/schema\/person\/image\/","url":"https:\/\/secure.gravatar.com\/avatar\/923588a21ced561f76a2d8ad6aea6995530e18551be5f0e16891420cac040eb9?s=96&d=mm&r=g","contentUrl":"https:\/\/secure.gravatar.com\/avatar\/923588a21ced561f76a2d8ad6aea6995530e18551be5f0e16891420cac040eb9?s=96&d=mm&r=g","caption":"transcultures"},"url":"https:\/\/trans-cultures.fr\/?author=1"}]}},"_links":{"self":[{"href":"https:\/\/trans-cultures.fr\/index.php?rest_route=\/wp\/v2\/posts\/7227","targetHints":{"allow":["GET"]}}],"collection":[{"href":"https:\/\/trans-cultures.fr\/index.php?rest_route=\/wp\/v2\/posts"}],"about":[{"href":"https:\/\/trans-cultures.fr\/index.php?rest_route=\/wp\/v2\/types\/post"}],"author":[{"embeddable":true,"href":"https:\/\/trans-cultures.fr\/index.php?rest_route=\/wp\/v2\/users\/1"}],"replies":[{"embeddable":true,"href":"https:\/\/trans-cultures.fr\/index.php?rest_route=%2Fwp%2Fv2%2Fcomments&post=7227"}],"version-history":[{"count":4,"href":"https:\/\/trans-cultures.fr\/index.php?rest_route=\/wp\/v2\/posts\/7227\/revisions"}],"predecessor-version":[{"id":7234,"href":"https:\/\/trans-cultures.fr\/index.php?rest_route=\/wp\/v2\/posts\/7227\/revisions\/7234"}],"wp:featuredmedia":[{"embeddable":true,"href":"https:\/\/trans-cultures.fr\/index.php?rest_route=\/wp\/v2\/media\/7228"}],"wp:attachment":[{"href":"https:\/\/trans-cultures.fr\/index.php?rest_route=%2Fwp%2Fv2%2Fmedia&parent=7227"}],"wp:term":[{"taxonomy":"category","embeddable":true,"href":"https:\/\/trans-cultures.fr\/index.php?rest_route=%2Fwp%2Fv2%2Fcategories&post=7227"},{"taxonomy":"post_tag","embeddable":true,"href":"https:\/\/trans-cultures.fr\/index.php?rest_route=%2Fwp%2Fv2%2Ftags&post=7227"}],"curies":[{"name":"wp","href":"https:\/\/api.w.org\/{rel}","templated":true}]}}